{"id":543,"date":"2026-03-11T11:56:28","date_gmt":"2026-03-11T10:56:28","guid":{"rendered":"https:\/\/www.choralesimagine.be\/?p=543"},"modified":"2026-03-11T12:04:47","modified_gmt":"2026-03-11T11:04:47","slug":"concert-escales-musicales-voix-et-percussions-a-biesme-le-dimanche-26-avril","status":"publish","type":"post","link":"https:\/\/www.choralesimagine.be\/index.php\/2026\/03\/11\/concert-escales-musicales-voix-et-percussions-a-biesme-le-dimanche-26-avril\/","title":{"rendered":"Concert \u00ab Escales musicales \u00bb : Voix et Percussions \u00e0 Biesme le dimanche 26 avril"},"content":{"rendered":"<p>Le <b data-path-to-node=\"3\" data-index-in-node=\"3\">dimanche 26 avril \u00e0 16h<\/b>, l\u2019Ensemble vocal \u00ab Imagine \u00bb de Mettet vous invite \u00e0 la salle Michel Fauchet \u00e0 Biesme pour un moment de partage intitul\u00e9 \u00ab Escales musicales \u00bb. Accompagn\u00e9s par l\u2019ensemble \u00ab Percussion on stage \u00bb, nous vous proposons un programme riche en rythmes et en d\u00e9couvertes.<\/p>\n<p>Ne manquez pas le d\u00e9part : <b data-path-to-node=\"3\" data-index-in-node=\"436\">r\u00e9servez vos places et vos assiettes avant le 20 avril<\/b> pour profiter du tarif pr\u00e9vente et garantir votre voyage ! Pour plus d&rsquo;infos, consultez l&rsquo;encart ci-dessous.<\/p>\n<p>Nous avons h\u00e2te de vous retrouver pour ce beau rendez-vous &#x1f3b5;<\/p>\n<figure id=\"attachment_544\" aria-describedby=\"caption-attachment-544\" style=\"width: 960px\" class=\"wp-caption alignleft\"><img loading=\"lazy\" decoding=\"async\" class=\"size-large wp-image-544\" src=\"http:\/\/www.choralesimagine.be\/wp-content\/uploads\/2026\/03\/Ensemble-vocal-Imagine_Concert_Escales-musicales-1024x724.jpg\" alt=\"Concert Ensemble Vocal Imagine - Escales musicales - 26 avril 2026\" width=\"960\" height=\"679\" srcset=\"https:\/\/www.choralesimagine.be\/wp-content\/uploads\/2026\/03\/Ensemble-vocal-Imagine_Concert_Escales-musicales-1024x724.jpg 1024w, https:\/\/www.choralesimagine.be\/wp-content\/uploads\/2026\/03\/Ensemble-vocal-Imagine_Concert_Escales-musicales-300x212.jpg 300w, https:\/\/www.choralesimagine.be\/wp-content\/uploads\/2026\/03\/Ensemble-vocal-Imagine_Concert_Escales-musicales-768x543.jpg 768w, https:\/\/www.choralesimagine.be\/wp-content\/uploads\/2026\/03\/Ensemble-vocal-Imagine_Concert_Escales-musicales-1536x1086.jpg 1536w, https:\/\/www.choralesimagine.be\/wp-content\/uploads\/2026\/03\/Ensemble-vocal-Imagine_Concert_Escales-musicales.jpg 2000w\" sizes=\"auto, (max-width: 960px) 100vw, 960px\" \/><figcaption id=\"caption-attachment-544\" class=\"wp-caption-text\">Escales musicales &#8211; 26 avril 2026<\/figcaption><\/figure>\n","protected":false},"excerpt":{"rendered":"<p>Le dimanche 26 avril \u00e0 16h, l\u2019Ensemble vocal \u00ab Imagine \u00bb de Mettet vous invite \u00e0 la salle Michel Fauchet \u00e0 Biesme pour un moment de partage intitul\u00e9 \u00ab Escales musicales \u00bb. Accompagn\u00e9s par l\u2019ensemble \u00ab Percussion on stage \u00bb, nous vous proposons un programme riche en rythmes et en d\u00e9couvertes. Ne manquez pas le &hellip;<\/p>\n","protected":false},"author":1,"featured_media":0,"comment_status":"closed","ping_status":"closed","sticky":false,"template":"","format":"standard","meta":{"footnotes":""},"categories":[3],"tags":[],"class_list":["post-543","post","type-post","status-publish","format-standard","hentry","category-concerts"],"aioseo_notices":[],"_links":{"self":[{"href":"https:\/\/www.choralesimagine.be\/index.php\/wp-json\/wp\/v2\/posts\/543","targetHints":{"allow":["GET"]}}],"collection":[{"href":"https:\/\/www.choralesimagine.be\/index.php\/wp-json\/wp\/v2\/posts"}],"about":[{"href":"https:\/\/www.choralesimagine.be\/index.php\/wp-json\/wp\/v2\/types\/post"}],"author":[{"embeddable":true,"href":"https:\/\/www.choralesimagine.be\/index.php\/wp-json\/wp\/v2\/users\/1"}],"replies":[{"embeddable":true,"href":"https:\/\/www.choralesimagine.be\/index.php\/wp-json\/wp\/v2\/comments?post=543"}],"version-history":[{"count":3,"href":"https:\/\/www.choralesimagine.be\/index.php\/wp-json\/wp\/v2\/posts\/543\/revisions"}],"predecessor-version":[{"id":547,"href":"https:\/\/www.choralesimagine.be\/index.php\/wp-json\/wp\/v2\/posts\/543\/revisions\/547"}],"wp:attachment":[{"href":"https:\/\/www.choralesimagine.be\/index.php\/wp-json\/wp\/v2\/media?parent=543"}],"wp:term":[{"taxonomy":"category","embeddable":true,"href":"https:\/\/www.choralesimagine.be\/index.php\/wp-json\/wp\/v2\/categories?post=543"},{"taxonomy":"post_tag","embeddable":true,"href":"https:\/\/www.choralesimagine.be\/index.php\/wp-json\/wp\/v2\/tags?post=543"}],"curies":[{"name":"wp","href":"https:\/\/api.w.org\/{rel}","templated":true}]}}