{"id":515,"date":"2025-11-03T21:03:14","date_gmt":"2025-11-03T20:03:14","guid":{"rendered":"https:\/\/www.choralesimagine.be\/?p=515"},"modified":"2025-11-03T21:13:41","modified_gmt":"2025-11-03T20:13:41","slug":"concert-de-noel-a-mettet","status":"publish","type":"post","link":"https:\/\/www.choralesimagine.be\/index.php\/2025\/11\/03\/concert-de-noel-a-mettet\/","title":{"rendered":"Concert de No\u00ebl \u00e0 Mettet"},"content":{"rendered":"<p class=\"whitespace-break-spaces\">L\u2019ensemble vocal Imagine vous donne rendez-vous pour son <strong>concert de No\u00ebl<\/strong>, <strong>le dimanche 21 d\u00e9cembre 2025 \u00e0 16h en l\u2019\u00e9glise de Mettet<\/strong>.<\/p>\n<p class=\"whitespace-break-spaces\">Au programme, des \u0153uvres vocales de No\u00ebl interpr\u00e9t\u00e9es par l\u2019ensemble vocal Imagine, dirig\u00e9 par <strong>St\u00e9phanie Guilmin<\/strong> et accompagn\u00e9 au piano par <strong>Pierre-Micha\u00ebl Pavone<\/strong>, ainsi que par la chorale de jeunes <strong>\u00ab\u00a0Harmonie par le chant\u00a0\u00bb<\/strong> d\u2019Ermeton-sur-Biert, sous la direction de <strong>Florence Stache<\/strong>.<\/p>\n<p class=\"whitespace-break-spaces\">Un moment pour c\u00e9l\u00e9brer la fin de l\u2019ann\u00e9e en musique \ud83d\ude09<\/p>\n<p class=\"whitespace-break-spaces\"><em>Les d\u00e9tails pratiques figurent sur l\u2019affiche ci-dessous.<\/em><\/p>\n<p><img loading=\"lazy\" decoding=\"async\" class=\"aligncenter size-large wp-image-518\" src=\"http:\/\/www.choralesimagine.be\/wp-content\/uploads\/2025\/11\/Noel-2025-Mettet-1024x768.jpg\" alt=\"\" width=\"960\" height=\"720\" srcset=\"https:\/\/www.choralesimagine.be\/wp-content\/uploads\/2025\/11\/Noel-2025-Mettet-1024x768.jpg 1024w, https:\/\/www.choralesimagine.be\/wp-content\/uploads\/2025\/11\/Noel-2025-Mettet-300x225.jpg 300w, https:\/\/www.choralesimagine.be\/wp-content\/uploads\/2025\/11\/Noel-2025-Mettet-768x576.jpg 768w, https:\/\/www.choralesimagine.be\/wp-content\/uploads\/2025\/11\/Noel-2025-Mettet.jpg 1058w\" sizes=\"auto, (max-width: 960px) 100vw, 960px\" \/><\/p>\n","protected":false},"excerpt":{"rendered":"<p>L\u2019ensemble vocal Imagine vous donne rendez-vous pour son concert de No\u00ebl, le dimanche 21 d\u00e9cembre 2025 \u00e0 16h en l\u2019\u00e9glise de Mettet. Au programme, des \u0153uvres vocales de No\u00ebl interpr\u00e9t\u00e9es par l\u2019ensemble vocal Imagine, dirig\u00e9 par St\u00e9phanie Guilmin et accompagn\u00e9 au piano par Pierre-Micha\u00ebl Pavone, ainsi que par la chorale de jeunes \u00ab\u00a0Harmonie par le &hellip;<\/p>\n","protected":false},"author":1,"featured_media":0,"comment_status":"closed","ping_status":"closed","sticky":false,"template":"","format":"standard","meta":{"footnotes":""},"categories":[3],"tags":[],"class_list":["post-515","post","type-post","status-publish","format-standard","hentry","category-concerts"],"aioseo_notices":[],"_links":{"self":[{"href":"https:\/\/www.choralesimagine.be\/index.php\/wp-json\/wp\/v2\/posts\/515","targetHints":{"allow":["GET"]}}],"collection":[{"href":"https:\/\/www.choralesimagine.be\/index.php\/wp-json\/wp\/v2\/posts"}],"about":[{"href":"https:\/\/www.choralesimagine.be\/index.php\/wp-json\/wp\/v2\/types\/post"}],"author":[{"embeddable":true,"href":"https:\/\/www.choralesimagine.be\/index.php\/wp-json\/wp\/v2\/users\/1"}],"replies":[{"embeddable":true,"href":"https:\/\/www.choralesimagine.be\/index.php\/wp-json\/wp\/v2\/comments?post=515"}],"version-history":[{"count":6,"href":"https:\/\/www.choralesimagine.be\/index.php\/wp-json\/wp\/v2\/posts\/515\/revisions"}],"predecessor-version":[{"id":522,"href":"https:\/\/www.choralesimagine.be\/index.php\/wp-json\/wp\/v2\/posts\/515\/revisions\/522"}],"wp:attachment":[{"href":"https:\/\/www.choralesimagine.be\/index.php\/wp-json\/wp\/v2\/media?parent=515"}],"wp:term":[{"taxonomy":"category","embeddable":true,"href":"https:\/\/www.choralesimagine.be\/index.php\/wp-json\/wp\/v2\/categories?post=515"},{"taxonomy":"post_tag","embeddable":true,"href":"https:\/\/www.choralesimagine.be\/index.php\/wp-json\/wp\/v2\/tags?post=515"}],"curies":[{"name":"wp","href":"https:\/\/api.w.org\/{rel}","templated":true}]}}