{"id":496,"date":"2025-10-27T10:10:00","date_gmt":"2025-10-27T09:10:00","guid":{"rendered":"https:\/\/www.choralesimagine.be\/?p=496"},"modified":"2025-11-03T21:13:01","modified_gmt":"2025-11-03T20:13:01","slug":"deux-concerts-de-lensemble-vocal-imagine-en-novembre","status":"publish","type":"post","link":"https:\/\/www.choralesimagine.be\/index.php\/2025\/10\/27\/deux-concerts-de-lensemble-vocal-imagine-en-novembre\/","title":{"rendered":"Deux concerts de l\u2019Ensemble vocal Imagine en novembre 2025"},"content":{"rendered":"\n<p>L\u2019Ensemble vocal Imagine vous invite \u00e0 deux concerts en novembre.<br><br>Nous serons ravis de vous y accueillir !<\/p>\n\n\n\n<div class=\"wp-block-group\"><div class=\"wp-block-group__inner-container is-layout-constrained wp-block-group-is-layout-constrained\">\n<div class=\"wp-block-columns is-layout-flex wp-container-core-columns-is-layout-9d6595d7 wp-block-columns-is-layout-flex\">\n<div class=\"wp-block-column is-layout-flow wp-block-column-is-layout-flow\"><div class=\"wp-block-image\">\n<figure class=\"aligncenter size-full\"><img loading=\"lazy\" decoding=\"async\" width=\"960\" height=\"720\" src=\"http:\/\/www.choralesimagine.be\/wp-content\/uploads\/2025\/11\/Affiche-Ste-Cecile.jpg\" alt=\"Concert de Ste C\u00e9cile 2025\" class=\"wp-image-494\" srcset=\"https:\/\/www.choralesimagine.be\/wp-content\/uploads\/2025\/11\/Affiche-Ste-Cecile.jpg 960w, https:\/\/www.choralesimagine.be\/wp-content\/uploads\/2025\/11\/Affiche-Ste-Cecile-300x225.jpg 300w, https:\/\/www.choralesimagine.be\/wp-content\/uploads\/2025\/11\/Affiche-Ste-Cecile-768x576.jpg 768w\" sizes=\"auto, (max-width: 960px) 100vw, 960px\" \/><figcaption class=\"wp-element-caption\">Concert de Ste C\u00e9cile en l&rsquo;\u00e9glise de Biesme le samedi 15 novembre \u00e0 18h.<\/figcaption><\/figure>\n<\/div>\n\n\n<p class=\"has-vivid-red-color has-text-color has-link-color has-small-font-size wp-elements-5fe8d1f4148b9ec4ca28bc49145ce452\"><\/p>\n<\/div>\n\n\n\n<div class=\"wp-block-column is-layout-flow wp-block-column-is-layout-flow\">\n<figure class=\"wp-block-image size-full\"><img loading=\"lazy\" decoding=\"async\" width=\"583\" height=\"827\" src=\"http:\/\/www.choralesimagine.be\/wp-content\/uploads\/2025\/11\/Ticket-A5-Festival-Imagine-Gratuit.jpg\" alt=\"Imagine No\u00ebl Maredsous 2025\" class=\"wp-image-495\" srcset=\"https:\/\/www.choralesimagine.be\/wp-content\/uploads\/2025\/11\/Ticket-A5-Festival-Imagine-Gratuit.jpg 583w, https:\/\/www.choralesimagine.be\/wp-content\/uploads\/2025\/11\/Ticket-A5-Festival-Imagine-Gratuit-211x300.jpg 211w\" sizes=\"auto, (max-width: 583px) 100vw, 583px\" \/><figcaption class=\"wp-element-caption\">Festival de concerts de No\u00ebl \u00e0 Maredsous (crypte de l&rsquo;Abbaye) le dimanche 30 novembre \u00e0 17h.<\/figcaption><\/figure>\n<\/div>\n<\/div>\n<\/div><\/div>\n\n\n\n<p><\/p>\n","protected":false},"excerpt":{"rendered":"<p>L\u2019Ensemble vocal Imagine vous invite \u00e0 deux concerts en novembre. Nous serons ravis de vous y accueillir !<\/p>\n","protected":false},"author":1,"featured_media":0,"comment_status":"closed","ping_status":"closed","sticky":false,"template":"","format":"standard","meta":{"footnotes":""},"categories":[3],"tags":[],"class_list":["post-496","post","type-post","status-publish","format-standard","hentry","category-concerts"],"aioseo_notices":[],"_links":{"self":[{"href":"https:\/\/www.choralesimagine.be\/index.php\/wp-json\/wp\/v2\/posts\/496","targetHints":{"allow":["GET"]}}],"collection":[{"href":"https:\/\/www.choralesimagine.be\/index.php\/wp-json\/wp\/v2\/posts"}],"about":[{"href":"https:\/\/www.choralesimagine.be\/index.php\/wp-json\/wp\/v2\/types\/post"}],"author":[{"embeddable":true,"href":"https:\/\/www.choralesimagine.be\/index.php\/wp-json\/wp\/v2\/users\/1"}],"replies":[{"embeddable":true,"href":"https:\/\/www.choralesimagine.be\/index.php\/wp-json\/wp\/v2\/comments?post=496"}],"version-history":[{"count":10,"href":"https:\/\/www.choralesimagine.be\/index.php\/wp-json\/wp\/v2\/posts\/496\/revisions"}],"predecessor-version":[{"id":514,"href":"https:\/\/www.choralesimagine.be\/index.php\/wp-json\/wp\/v2\/posts\/496\/revisions\/514"}],"wp:attachment":[{"href":"https:\/\/www.choralesimagine.be\/index.php\/wp-json\/wp\/v2\/media?parent=496"}],"wp:term":[{"taxonomy":"category","embeddable":true,"href":"https:\/\/www.choralesimagine.be\/index.php\/wp-json\/wp\/v2\/categories?post=496"},{"taxonomy":"post_tag","embeddable":true,"href":"https:\/\/www.choralesimagine.be\/index.php\/wp-json\/wp\/v2\/tags?post=496"}],"curies":[{"name":"wp","href":"https:\/\/api.w.org\/{rel}","templated":true}]}}