{"id":457,"date":"2024-12-19T12:17:03","date_gmt":"2024-12-19T11:17:03","guid":{"rendered":"http:\/\/www.choralesimagine.be\/?p=457"},"modified":"2024-12-19T12:51:06","modified_gmt":"2024-12-19T11:51:06","slug":"un-noel-en-chansons-souvenirs-de-notre-concert-avec-cellonnel","status":"publish","type":"post","link":"https:\/\/www.choralesimagine.be\/index.php\/2024\/12\/19\/un-noel-en-chansons-souvenirs-de-notre-concert-avec-cellonnel\/","title":{"rendered":"Un No\u00ebl en chansons : Souvenirs de notre concert avec \u00ab\u00a0Cellonnel\u00a0\u00bb"},"content":{"rendered":"\n<p>Notre concert de No\u00ebl a \u00e9t\u00e9 un v\u00e9ritable succ\u00e8s ! L&rsquo;ensemble vocal Imagine a eu le plaisir d&rsquo;accueillir le duo de violoncellistes \u00ab\u00a0<strong>Cellonnel<\/strong>\u00a0\u00bb , qui a enchant\u00e9 le public avec plusieurs de leurs interpr\u00e9tations. Nous avons partag\u00e9 des m\u00e9lodies r\u00e9confortantes et des moments de joie ensemble. Merci \u00e0 tous ceux qui ont particip\u00e9 et qui ont contribu\u00e9 \u00e0 faire de cet \u00e9v\u00e9nement une r\u00e9ussite. Nous avons h\u00e2te de vous retrouver pour de nouvelles aventures musicales !<\/p>\n\n\n\n<figure class=\"wp-block-image size-large\"><img loading=\"lazy\" decoding=\"async\" width=\"1024\" height=\"768\" src=\"http:\/\/www.choralesimagine.be\/wp-content\/uploads\/2024\/12\/Capture-decran-2024-12-19-a-12.00.00-1024x768.png\" alt=\"\" class=\"wp-image-462\" srcset=\"https:\/\/www.choralesimagine.be\/wp-content\/uploads\/2024\/12\/Capture-decran-2024-12-19-a-12.00.00-1024x768.png 1024w, https:\/\/www.choralesimagine.be\/wp-content\/uploads\/2024\/12\/Capture-decran-2024-12-19-a-12.00.00-300x225.png 300w, https:\/\/www.choralesimagine.be\/wp-content\/uploads\/2024\/12\/Capture-decran-2024-12-19-a-12.00.00-768x576.png 768w, https:\/\/www.choralesimagine.be\/wp-content\/uploads\/2024\/12\/Capture-decran-2024-12-19-a-12.00.00-1536x1152.png 1536w, https:\/\/www.choralesimagine.be\/wp-content\/uploads\/2024\/12\/Capture-decran-2024-12-19-a-12.00.00.png 2018w\" sizes=\"auto, (max-width: 1024px) 100vw, 1024px\" \/><\/figure>\n","protected":false},"excerpt":{"rendered":"<p>Notre concert de No\u00ebl a \u00e9t\u00e9 un v\u00e9ritable succ\u00e8s ! L&rsquo;ensemble vocal Imagine a eu le plaisir d&rsquo;accueillir le duo de violoncellistes \u00ab\u00a0Cellonnel\u00a0\u00bb , qui a enchant\u00e9 le public avec plusieurs de leurs interpr\u00e9tations. Nous avons partag\u00e9 des m\u00e9lodies r\u00e9confortantes et des moments de joie ensemble. Merci \u00e0 tous ceux qui ont particip\u00e9 et qui &hellip;<\/p>\n","protected":false},"author":1,"featured_media":0,"comment_status":"closed","ping_status":"closed","sticky":false,"template":"","format":"standard","meta":{"footnotes":""},"categories":[3],"tags":[],"class_list":["post-457","post","type-post","status-publish","format-standard","hentry","category-concerts"],"aioseo_notices":[],"_links":{"self":[{"href":"https:\/\/www.choralesimagine.be\/index.php\/wp-json\/wp\/v2\/posts\/457","targetHints":{"allow":["GET"]}}],"collection":[{"href":"https:\/\/www.choralesimagine.be\/index.php\/wp-json\/wp\/v2\/posts"}],"about":[{"href":"https:\/\/www.choralesimagine.be\/index.php\/wp-json\/wp\/v2\/types\/post"}],"author":[{"embeddable":true,"href":"https:\/\/www.choralesimagine.be\/index.php\/wp-json\/wp\/v2\/users\/1"}],"replies":[{"embeddable":true,"href":"https:\/\/www.choralesimagine.be\/index.php\/wp-json\/wp\/v2\/comments?post=457"}],"version-history":[{"count":9,"href":"https:\/\/www.choralesimagine.be\/index.php\/wp-json\/wp\/v2\/posts\/457\/revisions"}],"predecessor-version":[{"id":482,"href":"https:\/\/www.choralesimagine.be\/index.php\/wp-json\/wp\/v2\/posts\/457\/revisions\/482"}],"wp:attachment":[{"href":"https:\/\/www.choralesimagine.be\/index.php\/wp-json\/wp\/v2\/media?parent=457"}],"wp:term":[{"taxonomy":"category","embeddable":true,"href":"https:\/\/www.choralesimagine.be\/index.php\/wp-json\/wp\/v2\/categories?post=457"},{"taxonomy":"post_tag","embeddable":true,"href":"https:\/\/www.choralesimagine.be\/index.php\/wp-json\/wp\/v2\/tags?post=457"}],"curies":[{"name":"wp","href":"https:\/\/api.w.org\/{rel}","templated":true}]}}