{"id":425,"date":"2024-11-16T12:15:31","date_gmt":"2024-11-16T11:15:31","guid":{"rendered":"https:\/\/www.choralesimagine.be\/?p=425"},"modified":"2024-11-16T12:20:22","modified_gmt":"2024-11-16T11:20:22","slug":"harmonies-de-noel-avec-imagine-et-cellonnel","status":"publish","type":"post","link":"https:\/\/www.choralesimagine.be\/index.php\/2024\/11\/16\/harmonies-de-noel-avec-imagine-et-cellonnel\/","title":{"rendered":"Harmonies de No\u00ebl avec Imagine et Cellonnel"},"content":{"rendered":"<p>Plongez dans la magie des f\u00eates le 15 d\u00e9cembre 2024 avec l&rsquo;ensemble vocal \u00ab\u00a0Imagine\u00a0\u00bb de Mettet et le duo de violoncelles \u00ab\u00a0Cellonnel\u00a0\u00bb. Une soir\u00e9e enchanteuse o\u00f9 chants et m\u00e9lodies s&rsquo;unissent pour c\u00e9l\u00e9brer No\u00ebl dans une ambiance chaleureuse et festive. Ne manquez pas cet \u00e9v\u00e9nement musical inoubliable !<\/p>\n<p><img loading=\"lazy\" decoding=\"async\" class=\"aligncenter size-large wp-image-426\" src=\"http:\/\/www.choralesimagine.be\/wp-content\/uploads\/2024\/11\/affiche-noel-2024-Imagine-Cellonnel-1024x715.jpg\" alt=\"Affiche No\u00ebl 2024 Imagine et Cellonnel\" width=\"960\" height=\"670\" srcset=\"https:\/\/www.choralesimagine.be\/wp-content\/uploads\/2024\/11\/affiche-noel-2024-Imagine-Cellonnel-1024x715.jpg 1024w, https:\/\/www.choralesimagine.be\/wp-content\/uploads\/2024\/11\/affiche-noel-2024-Imagine-Cellonnel-300x209.jpg 300w, https:\/\/www.choralesimagine.be\/wp-content\/uploads\/2024\/11\/affiche-noel-2024-Imagine-Cellonnel-768x536.jpg 768w, https:\/\/www.choralesimagine.be\/wp-content\/uploads\/2024\/11\/affiche-noel-2024-Imagine-Cellonnel-1536x1073.jpg 1536w, https:\/\/www.choralesimagine.be\/wp-content\/uploads\/2024\/11\/affiche-noel-2024-Imagine-Cellonnel-2048x1430.jpg 2048w\" sizes=\"auto, (max-width: 960px) 100vw, 960px\" \/><\/p>\n","protected":false},"excerpt":{"rendered":"<p>Plongez dans la magie des f\u00eates le 15 d\u00e9cembre 2024 avec l&rsquo;ensemble vocal \u00ab\u00a0Imagine\u00a0\u00bb de Mettet et le duo de violoncelles \u00ab\u00a0Cellonnel\u00a0\u00bb. Une soir\u00e9e enchanteuse o\u00f9 chants et m\u00e9lodies s&rsquo;unissent pour c\u00e9l\u00e9brer No\u00ebl dans une ambiance chaleureuse et festive. Ne manquez pas cet \u00e9v\u00e9nement musical inoubliable !<\/p>\n","protected":false},"author":1,"featured_media":0,"comment_status":"closed","ping_status":"closed","sticky":false,"template":"","format":"standard","meta":{"footnotes":""},"categories":[3],"tags":[],"class_list":["post-425","post","type-post","status-publish","format-standard","hentry","category-concerts"],"aioseo_notices":[],"_links":{"self":[{"href":"https:\/\/www.choralesimagine.be\/index.php\/wp-json\/wp\/v2\/posts\/425","targetHints":{"allow":["GET"]}}],"collection":[{"href":"https:\/\/www.choralesimagine.be\/index.php\/wp-json\/wp\/v2\/posts"}],"about":[{"href":"https:\/\/www.choralesimagine.be\/index.php\/wp-json\/wp\/v2\/types\/post"}],"author":[{"embeddable":true,"href":"https:\/\/www.choralesimagine.be\/index.php\/wp-json\/wp\/v2\/users\/1"}],"replies":[{"embeddable":true,"href":"https:\/\/www.choralesimagine.be\/index.php\/wp-json\/wp\/v2\/comments?post=425"}],"version-history":[{"count":2,"href":"https:\/\/www.choralesimagine.be\/index.php\/wp-json\/wp\/v2\/posts\/425\/revisions"}],"predecessor-version":[{"id":428,"href":"https:\/\/www.choralesimagine.be\/index.php\/wp-json\/wp\/v2\/posts\/425\/revisions\/428"}],"wp:attachment":[{"href":"https:\/\/www.choralesimagine.be\/index.php\/wp-json\/wp\/v2\/media?parent=425"}],"wp:term":[{"taxonomy":"category","embeddable":true,"href":"https:\/\/www.choralesimagine.be\/index.php\/wp-json\/wp\/v2\/categories?post=425"},{"taxonomy":"post_tag","embeddable":true,"href":"https:\/\/www.choralesimagine.be\/index.php\/wp-json\/wp\/v2\/tags?post=425"}],"curies":[{"name":"wp","href":"https:\/\/api.w.org\/{rel}","templated":true}]}}